{"id":949,"date":"2024-05-09T20:11:00","date_gmt":"2024-05-09T19:11:00","guid":{"rendered":"https:\/\/www.ptchrnr.pl\/?p=949"},"modified":"2024-06-24T08:38:02","modified_gmt":"2024-06-24T07:38:02","slug":"ptchrnr-w-europejskiej-federacji-towarzystw-mikrochirugicznych","status":"publish","type":"post","link":"https:\/\/www.ptchrnr.pl\/en\/news\/ptchrnr-w-europejskiej-federacji-towarzystw-mikrochirugicznych\/","title":{"rendered":"Polish Orthoplastic Society in the European Federation of Societies for Microsurgery"},"content":{"rendered":"<p>Zarz\u0105d Polskiego Towarzystwa Chirurgii Rekonstrukcyjnej Narz\u0105du Ruchu z rado\u015bci\u0105 informuje, \u017ce PTChRNR zosta\u0142o przyj\u0119te do Europejskiej Federacji Towarzystw Mikrochirugicznych (European Federation of Societies for Microsurgery \u2013 EFSM). Podczas EUROMICRO odbywaj\u0105cego si\u0119 w Mediolanie w dniach 9 -10 maja 2024 roku delegacja PTChRNR w sk\u0142adzie Bartosz Ma\u0144kowski oraz Adam Domanasiewicz reprezentowa\u0142a PTChRNR. <\/p>\n\n\n\n<p><\/p>\n\n\n\n<figure class=\"wp-block-image size-full\"><img loading=\"lazy\" decoding=\"async\" width=\"794\" height=\"162\" src=\"https:\/\/www.ptchrnr.pl\/wp-content\/uploads\/2024\/06\/image-1.jpeg\" alt=\"\" class=\"wp-image-951\" srcset=\"https:\/\/www.ptchrnr.pl\/wp-content\/uploads\/2024\/06\/image-1.jpeg 794w, https:\/\/www.ptchrnr.pl\/wp-content\/uploads\/2024\/06\/image-1-300x61.jpeg 300w, https:\/\/www.ptchrnr.pl\/wp-content\/uploads\/2024\/06\/image-1-768x157.jpeg 768w, https:\/\/www.ptchrnr.pl\/wp-content\/uploads\/2024\/06\/image-1-18x4.jpeg 18w, https:\/\/www.ptchrnr.pl\/wp-content\/uploads\/2024\/06\/image-1-240x49.jpeg 240w\" sizes=\"auto, (max-width: 794px) 100vw, 794px\" \/><\/figure>","protected":false},"excerpt":{"rendered":"<p>Zarz\u0105d Polskiego Towarzystwa Chirurgii Rekonstrukcyjnej Narz\u0105du Ruchu z rado\u015bci\u0105 informuje, \u017ce PTChRNR zosta\u0142o przyj\u0119te do Europejskiej Federacji Towarzystw Mikrochirugicznych (European Federation of Societies for Microsurgery \u2013 EFSM). Podczas EUROMICRO odbywaj\u0105cego si\u0119 w Mediolanie w dniach 9 -10 maja 2024 roku delegacja PTChRNR w sk\u0142adzie Bartosz Ma\u0144kowski oraz Adam Domanasiewicz reprezentowa\u0142a PTChRNR.<\/p>","protected":false},"author":1,"featured_media":0,"comment_status":"open","ping_status":"open","sticky":false,"template":"","format":"standard","meta":{"footnotes":""},"categories":[1],"tags":[],"class_list":["post-949","post","type-post","status-publish","format-standard","hentry","category-news"],"_links":{"self":[{"href":"https:\/\/www.ptchrnr.pl\/en\/wp-json\/wp\/v2\/posts\/949","targetHints":{"allow":["GET"]}}],"collection":[{"href":"https:\/\/www.ptchrnr.pl\/en\/wp-json\/wp\/v2\/posts"}],"about":[{"href":"https:\/\/www.ptchrnr.pl\/en\/wp-json\/wp\/v2\/types\/post"}],"author":[{"embeddable":true,"href":"https:\/\/www.ptchrnr.pl\/en\/wp-json\/wp\/v2\/users\/1"}],"replies":[{"embeddable":true,"href":"https:\/\/www.ptchrnr.pl\/en\/wp-json\/wp\/v2\/comments?post=949"}],"version-history":[{"count":2,"href":"https:\/\/www.ptchrnr.pl\/en\/wp-json\/wp\/v2\/posts\/949\/revisions"}],"predecessor-version":[{"id":953,"href":"https:\/\/www.ptchrnr.pl\/en\/wp-json\/wp\/v2\/posts\/949\/revisions\/953"}],"wp:attachment":[{"href":"https:\/\/www.ptchrnr.pl\/en\/wp-json\/wp\/v2\/media?parent=949"}],"wp:term":[{"taxonomy":"category","embeddable":true,"href":"https:\/\/www.ptchrnr.pl\/en\/wp-json\/wp\/v2\/categories?post=949"},{"taxonomy":"post_tag","embeddable":true,"href":"https:\/\/www.ptchrnr.pl\/en\/wp-json\/wp\/v2\/tags?post=949"}],"curies":[{"name":"wp","href":"https:\/\/api.w.org\/{rel}","templated":true}]}}